{"id":7393,"date":"2020-05-04T08:23:51","date_gmt":"2020-05-04T08:23:51","guid":{"rendered":"https:\/\/www.saiebologna.it\/?p=7393"},"modified":"2020-05-04T08:23:51","modified_gmt":"2020-05-04T08:23:51","slug":"come-cambieranno-gli-spazi-di-lavoro-dopo-covid-19","status":"publish","type":"post","link":"https:\/\/saiebologna-staging2026.senaf.it\/it\/news\/come-cambieranno-gli-spazi-di-lavoro-dopo-covid-19\/","title":{"rendered":"Come cambieranno gli spazi di lavoro dopo Covid-19"},"content":{"rendered":"<p>L\u2019impatto della pandemia da <strong>Covid-19<\/strong> \u00e8 stato di proporzioni inedite nella storia recente, ed \u00e8 inevitabile pensare a come si evolveranno gli <strong>spazi di lavoro<\/strong> quando la fase emergenziale sar\u00e0 alle spalle.<\/p>\n<p>Secondo gli architetti di\u00a0D2U\u00a0l\u2019orientamento sar\u00e0 verso un \u201c<strong>physical-smart office<\/strong>\u201d, per tornare a lavorare in sicurezza dopo l\u2019emergenza\u00a0Coronavirus.<\/p>\n<p>Gli spazi dovranno essere ripianificati ed adattati, secondo le norme di distanziamento e la densit\u00e0 di persone per locale. Sar\u00e0 altres\u00ec necessario\u00a0<strong>r<\/strong><strong>ipensare gli open space<\/strong>: il concetto di privacy dovr\u00e0 essere rivisto, bilanciando la necessit\u00e0 di privacy e distanziamento con l\u2019importanza della socializzazione e del confronto.<\/p>\n<p><strong>Gli spazi di lavoro attuali andranno ridisegnati<\/strong>: dall\u2019open space che garantiva la migliore ottimizzazione d\u2019uso dello spazio si passer\u00e0 all\u2019open space rimodulabile facilmente a seconda delle persone presenti e delle normative sulle distanze; anche gli arredi dovranno subire un\u2019evoluzione in chiave di protezione individuale, senza per questo tornare ai cubicles americani anni \u201860.<\/p>\n<p><a href=\"https:\/\/www.01building.it\/progetti\/spazi-lavoro-dopo-covid-19\/\" target=\"_blank\" rel=\"noopener noreferrer\">Continua a leggere l&#8217;articolo<\/a><\/p>\n<p style=\"text-align: center\"><a class=\"btn btn-lg btn-primary my-1 mx-1\" href=\"https:\/\/www.saiebologna.it\/edilizia\/\" target=\"_blank\" rel=\"noopener noreferrer\">Scopri di pi\u00f9 su SAIE Bologna<\/a><\/p>\n","protected":false},"excerpt":{"rendered":"<p>L\u2019impatto della pandemia da Covid-19 \u00e8 stato di proporzioni inedite nella storia recente, ed \u00e8 inevitabile pensare a come si evolveranno gli spazi di lavoro quando la fase emergenziale sar\u00e0 alle spalle. Secondo gli architetti di\u00a0D2U\u00a0l\u2019orientamento sar\u00e0 verso un \u201cphysical-smart office\u201d, per tornare a lavorare in sicurezza dopo l\u2019emergenza\u00a0Coronavirus. Gli spazi dovranno essere ripianificati ed [&hellip;]<\/p>\n","protected":false},"author":12,"featured_media":7394,"comment_status":"open","ping_status":"open","sticky":false,"template":"","format":"standard","meta":[],"categories":[15],"tags":[119,51,118,120],"acf":[],"aioseo_notices":[],"_links":{"self":[{"href":"https:\/\/saiebologna-staging2026.senaf.it\/it\/wp-json\/wp\/v2\/posts\/7393"}],"collection":[{"href":"https:\/\/saiebologna-staging2026.senaf.it\/it\/wp-json\/wp\/v2\/posts"}],"about":[{"href":"https:\/\/saiebologna-staging2026.senaf.it\/it\/wp-json\/wp\/v2\/types\/post"}],"author":[{"embeddable":true,"href":"https:\/\/saiebologna-staging2026.senaf.it\/it\/wp-json\/wp\/v2\/users\/12"}],"replies":[{"embeddable":true,"href":"https:\/\/saiebologna-staging2026.senaf.it\/it\/wp-json\/wp\/v2\/comments?post=7393"}],"version-history":[{"count":1,"href":"https:\/\/saiebologna-staging2026.senaf.it\/it\/wp-json\/wp\/v2\/posts\/7393\/revisions"}],"predecessor-version":[{"id":7396,"href":"https:\/\/saiebologna-staging2026.senaf.it\/it\/wp-json\/wp\/v2\/posts\/7393\/revisions\/7396"}],"wp:featuredmedia":[{"embeddable":true,"href":"https:\/\/saiebologna-staging2026.senaf.it\/it\/wp-json\/wp\/v2\/media\/7394"}],"wp:attachment":[{"href":"https:\/\/saiebologna-staging2026.senaf.it\/it\/wp-json\/wp\/v2\/media?parent=7393"}],"wp:term":[{"taxonomy":"category","embeddable":true,"href":"https:\/\/saiebologna-staging2026.senaf.it\/it\/wp-json\/wp\/v2\/categories?post=7393"},{"taxonomy":"post_tag","embeddable":true,"href":"https:\/\/saiebologna-staging2026.senaf.it\/it\/wp-json\/wp\/v2\/tags?post=7393"}],"curies":[{"name":"wp","href":"https:\/\/api.w.org\/{rel}","templated":true}]}}