{"id":7833,"date":"2020-05-28T15:16:19","date_gmt":"2020-05-28T15:16:19","guid":{"rendered":"https:\/\/www.saiebologna.it\/?p=7833"},"modified":"2020-05-28T15:20:31","modified_gmt":"2020-05-28T15:20:31","slug":"eddy-carello-esperto-edificio-salubre-radon-negli-edifici","status":"publish","type":"post","link":"https:\/\/saiebologna-staging2026.senaf.it\/it\/restoattivo\/eddy-carello-esperto-edificio-salubre-radon-negli-edifici\/","title":{"rendered":"Eddy Carello, esperto Edificio Salubre: riflessioni sul pericoloso Radon negli edifici"},"content":{"rendered":"<p>Come ridurre notevolmente l&#8217;inquinamento indoor all&#8217;interno degli ambienti dove abitiamo e lavoriamo?<\/p>\n<p>Per il geometra <strong>Eddy Carello, esperto in edificio salubre<\/strong>, la risposta si trova nella conoscenza dei materiali edili utilizzati e delle <strong>sostanze nocive<\/strong> che troviamo all&#8217;interno di essi. Proprio fra questi \u00e8 presente il <strong>Radon<\/strong>, gas radioattivo naturale che si trova nella crosta terrestre, sostanza cancerogena, seconda causa, dopo il fumo, nell&#8217;insorgere del tumore al polmone.<\/p>\n<p>L&#8217;unico modo per verificare le affluenze del radon negli ambienti chiusi \u00e8 quello di eseguire le misure con appositi rilevatori. In molte regioni \u00e8 gi\u00e0 obbligatorio il monitoraggio pena la sospensione del &#8220;certificato di agibilit\u00e0&#8221;.<\/p>\n<p>Nella video intervista soluzioni e riflessioni utili sul tema.<\/p>\n<p>&nbsp;<\/p>\n<p><iframe loading=\"lazy\" title=\"Eddy Carello esperto Edificio Salubre per SAIE 2020 | Radon negli edifici\" width=\"500\" height=\"281\" src=\"https:\/\/www.youtube.com\/embed\/UXr0_am14cY?start=7&#038;feature=oembed\" frameborder=\"0\" allow=\"accelerometer; autoplay; encrypted-media; gyroscope; picture-in-picture\" allowfullscreen><\/iframe><\/p>\n<p><a href=\"https:\/\/www.youtube.com\/watch?v=UXr0_am14cY&amp;t=7s\" target=\"_blank\" rel=\"noopener noreferrer\">\u00a0Guarda il video completo di Eddy Carello esperto Edificio Salubre per SAIE 2020<\/a><\/p>\n<hr \/>\n<p style=\"text-align: center\"><a class=\"btn btn-lg btn-primary my-1 mx-1\" href=\"https:\/\/www.saiebologna.it\/it\/contatti\/\" target=\"_blank\" rel=\"noopener noreferrer\">Richiedi informazioni<\/a><\/p>\n<hr \/>\n<p>&nbsp;<\/p>\n<p>&nbsp;<\/p>\n","protected":false},"excerpt":{"rendered":"<p>Come ridurre notevolmente l&#8217;inquinamento indoor all&#8217;interno degli ambienti dove abitiamo e lavoriamo? Per il geometra Eddy Carello, esperto in edificio salubre, la risposta si trova nella conoscenza dei materiali edili utilizzati e delle sostanze nocive che troviamo all&#8217;interno di essi. Proprio fra questi \u00e8 presente il Radon, gas radioattivo naturale che si trova nella crosta [&hellip;]<\/p>\n","protected":false},"author":12,"featured_media":7837,"comment_status":"open","ping_status":"open","sticky":false,"template":"","format":"standard","meta":[],"categories":[83,85],"tags":[185,186,55],"acf":[],"aioseo_notices":[],"_links":{"self":[{"href":"https:\/\/saiebologna-staging2026.senaf.it\/it\/wp-json\/wp\/v2\/posts\/7833"}],"collection":[{"href":"https:\/\/saiebologna-staging2026.senaf.it\/it\/wp-json\/wp\/v2\/posts"}],"about":[{"href":"https:\/\/saiebologna-staging2026.senaf.it\/it\/wp-json\/wp\/v2\/types\/post"}],"author":[{"embeddable":true,"href":"https:\/\/saiebologna-staging2026.senaf.it\/it\/wp-json\/wp\/v2\/users\/12"}],"replies":[{"embeddable":true,"href":"https:\/\/saiebologna-staging2026.senaf.it\/it\/wp-json\/wp\/v2\/comments?post=7833"}],"version-history":[{"count":2,"href":"https:\/\/saiebologna-staging2026.senaf.it\/it\/wp-json\/wp\/v2\/posts\/7833\/revisions"}],"predecessor-version":[{"id":7836,"href":"https:\/\/saiebologna-staging2026.senaf.it\/it\/wp-json\/wp\/v2\/posts\/7833\/revisions\/7836"}],"wp:featuredmedia":[{"embeddable":true,"href":"https:\/\/saiebologna-staging2026.senaf.it\/it\/wp-json\/wp\/v2\/media\/7837"}],"wp:attachment":[{"href":"https:\/\/saiebologna-staging2026.senaf.it\/it\/wp-json\/wp\/v2\/media?parent=7833"}],"wp:term":[{"taxonomy":"category","embeddable":true,"href":"https:\/\/saiebologna-staging2026.senaf.it\/it\/wp-json\/wp\/v2\/categories?post=7833"},{"taxonomy":"post_tag","embeddable":true,"href":"https:\/\/saiebologna-staging2026.senaf.it\/it\/wp-json\/wp\/v2\/tags?post=7833"}],"curies":[{"name":"wp","href":"https:\/\/api.w.org\/{rel}","templated":true}]}}