{"id":7900,"date":"2020-06-04T09:03:54","date_gmt":"2020-06-04T09:03:54","guid":{"rendered":"https:\/\/www.saiebologna.it\/?p=7900"},"modified":"2020-06-04T09:03:54","modified_gmt":"2020-06-04T09:03:54","slug":"firenze-il-nuovo-mercatino-delle-pulci-nel-contesto-urbano","status":"publish","type":"post","link":"https:\/\/saiebologna-staging2026.senaf.it\/it\/news\/firenze-il-nuovo-mercatino-delle-pulci-nel-contesto-urbano\/","title":{"rendered":"Firenze: il nuovo mercatino delle Pulci nel contesto urbano"},"content":{"rendered":"<p>La sistemazione di piazza Ghiberti, denominata largo Annigoni, a Firenze, nasce da un concorso internazionale del 2006, concorso che fu vinto dagli architetti Alberto Breschi e Guido Ferrara con un gruppo di giovani collaboratori (architetti Nicola Ferrara, Barbara Lami, Eva Parigi, Giovanni Todesca, Matteo Zetti) e che prevedeva la sistemazione del\u00a0<strong>Mercatino Antiquario delle Pulci<\/strong>\u00a0e l\u2019edificazione di un\u00a0<strong>complesso polifunzionale polivalente<\/strong>\u00a0a margine del complesso di S. Verdiana.<\/p>\n<p>Il progetto per il nuovo mercatino antiquario elaborato successivamente nel 2008 dal gruppo non ebbe seguito e soltanto dopo vari anni, nel 2017, il Comune decise di riaffrontare il trasferimento del Mercatino delle Pulci in largo Annigoni incaricando l\u2019<strong>arch<\/strong>.\u00a0<strong>Breschi<\/strong>\u00a0di redigere un progetto con costi molto ridotti rispetto al precedente progetto e con una serie di vincoli molto stringenti che riguardavano il numero dei box e la loro dimensione.<\/p>\n<p>Il progetto esecutivo fu consegnato all\u2019amministrazione nel 2017 e i\u00a0<strong>lavori<\/strong>,\u00a0<strong>iniziati nel 2018<\/strong>,\u00a0<strong>sono terminati nel 2019<\/strong>\u00a0sotto la direzione dell\u2019<strong>arch<\/strong>.\u00a0<strong>Paolo di Nardo<\/strong>, che in alcuni particolari ha modificato e semplificato il progetto originario.<\/p>\n<figure id=\"attachment_141321\" class=\"wp-caption aligncenter\"><a href=\"https:\/\/www.impresedilinews.it\/files\/2020\/06\/01-BRESCHI-MERCATO.jpg\" data-slb-active=\"1\" data-slb-asset=\"1741608844\" data-slb-internal=\"0\" data-slb-group=\"141319\"><img decoding=\"async\" loading=\"lazy\" class=\"size-full wp-image-141321 td-animation-stack-type0-2\" src=\"https:\/\/www.impresedilinews.it\/files\/2020\/06\/01-BRESCHI-MERCATO.jpg\" alt=\"\" width=\"1920\" height=\"1271\" \/><\/a><figcaption class=\"wp-caption-text\">Vista di Piazza Annigoni a lavori ultimati.<\/figcaption><\/figure>\n<h3>Il nuovo mercato nel contesto urbano<\/h3>\n<p>Piazza Ghiberti, come qualsiasi piazza, a Firenze come altrove, non vive da sola: necessita di essere \u00abformata\u00bb da uno o pi\u00f9 fondali prospettici, anche diversi ma unitari, che costituiscano il vero sistema generatore dello spazio aperto. Il fronte della Nazione \u00e8 ormai consolidato da tempo, mentre quello verso S. Verdiana sar\u00e0 a breve completato dal nuovo edificio polivalente che coniugher\u00e0 la piazza a episodi apparentemente separati, come il sistema dei chiostri dell\u2019ex convento di Santa Verdiana.<\/p>\n<p>Qui risiede il motivo per cui il progetto d\u00e0 valore a un\u2019<strong>importante<\/strong>\u00a0<strong>cerniera della struttura urbana<\/strong>, creando uno spazio bivalente sospeso fra universit\u00e0 e rione, e quindi\u00a0<strong>a servizio non solo degli studenti ma di strati e livelli di utenza pi\u00f9 vasti e complessi<\/strong>.<\/p>\n<p>In questa prospettiva si colloca il\u00a0<strong>nuovo Mercatino delle Pulci<\/strong>\u00a0che sul fronte opposto amplifica a effetto urbano i\u00a0<strong>due padiglioni esistenti progettati dall<\/strong>\u2018<strong>arch<\/strong>.\u00a0<strong>Natalini<\/strong>\u00a0<strong>per<\/strong>\u00a0<strong>l<\/strong>\u2018<strong>accesso al parcheggio<\/strong>, in modo da ospitare la quota del mercatino antiquario da allocare in fondi permanenti.<\/p>\n<p>La piazza si anima cos\u00ec di presenze quotidiane che la rendono un filtro dinamico di vita e di interessi e una \u00abstrada interna\u00bb alla piazza tra i box amplifica l\u2019uso pubblico degli spazi aperti. Il progetto del nuovo mercato prevedeva la collocazione di\u00a0<strong>28 box in Piazza Annigoni<\/strong>, un grande spazio pubblico sul quale affacciano la sede della Nazione, la Scuola di Architettura e varie attivit\u00e0 commerciali che costituiscono, insieme all\u2019adiacente Piazza Ghiberti col Mercato di Sant\u2019Ambrogio, un\u00a0<strong>polo commerciale all<\/strong>\u2019<strong>aperto<\/strong>\u00a0per questa porzione di citt\u00e0.<\/p>\n<p><a href=\"https:\/\/www.impresedilinews.it\/edilizia-commerciale-mercatino-delle-pulci-piazza-annigoni-firenze\/\" target=\"_blank\" rel=\"noopener noreferrer\">Continua a leggere l&#8217;articolo<\/a><\/p>\n<p style=\"text-align: center\"><a class=\"btn btn-lg btn-primary my-1 mx-1\" href=\"https:\/\/www.saiebologna.it\/edilizia\/\" target=\"_blank\" rel=\"noopener noreferrer\">Scopri di pi\u00f9 su SAIE Bologna<\/a><\/p>\n","protected":false},"excerpt":{"rendered":"<p>La sistemazione di piazza Ghiberti, denominata largo Annigoni, a Firenze, nasce da un concorso internazionale del 2006, concorso che fu vinto dagli architetti Alberto Breschi e Guido Ferrara con un gruppo di giovani collaboratori (architetti Nicola Ferrara, Barbara Lami, Eva Parigi, Giovanni Todesca, Matteo Zetti) e che prevedeva la sistemazione del\u00a0Mercatino Antiquario delle Pulci\u00a0e l\u2019edificazione [&hellip;]<\/p>\n","protected":false},"author":12,"featured_media":7901,"comment_status":"open","ping_status":"open","sticky":false,"template":"","format":"standard","meta":[],"categories":[15],"tags":[191,192],"acf":[],"aioseo_notices":[],"_links":{"self":[{"href":"https:\/\/saiebologna-staging2026.senaf.it\/it\/wp-json\/wp\/v2\/posts\/7900"}],"collection":[{"href":"https:\/\/saiebologna-staging2026.senaf.it\/it\/wp-json\/wp\/v2\/posts"}],"about":[{"href":"https:\/\/saiebologna-staging2026.senaf.it\/it\/wp-json\/wp\/v2\/types\/post"}],"author":[{"embeddable":true,"href":"https:\/\/saiebologna-staging2026.senaf.it\/it\/wp-json\/wp\/v2\/users\/12"}],"replies":[{"embeddable":true,"href":"https:\/\/saiebologna-staging2026.senaf.it\/it\/wp-json\/wp\/v2\/comments?post=7900"}],"version-history":[{"count":1,"href":"https:\/\/saiebologna-staging2026.senaf.it\/it\/wp-json\/wp\/v2\/posts\/7900\/revisions"}],"predecessor-version":[{"id":7903,"href":"https:\/\/saiebologna-staging2026.senaf.it\/it\/wp-json\/wp\/v2\/posts\/7900\/revisions\/7903"}],"wp:featuredmedia":[{"embeddable":true,"href":"https:\/\/saiebologna-staging2026.senaf.it\/it\/wp-json\/wp\/v2\/media\/7901"}],"wp:attachment":[{"href":"https:\/\/saiebologna-staging2026.senaf.it\/it\/wp-json\/wp\/v2\/media?parent=7900"}],"wp:term":[{"taxonomy":"category","embeddable":true,"href":"https:\/\/saiebologna-staging2026.senaf.it\/it\/wp-json\/wp\/v2\/categories?post=7900"},{"taxonomy":"post_tag","embeddable":true,"href":"https:\/\/saiebologna-staging2026.senaf.it\/it\/wp-json\/wp\/v2\/tags?post=7900"}],"curies":[{"name":"wp","href":"https:\/\/api.w.org\/{rel}","templated":true}]}}