{"id":8219,"date":"2020-06-23T08:40:34","date_gmt":"2020-06-23T08:40:34","guid":{"rendered":"https:\/\/www.saiebologna.it\/?p=8219"},"modified":"2020-06-23T09:03:16","modified_gmt":"2020-06-23T09:03:16","slug":"condominio-in-mostra-il-racconto-di-vittorio-fusco-presidente-nazionale-anapi","status":"publish","type":"post","link":"https:\/\/saiebologna-staging2026.senaf.it\/it\/restoattivo\/condominio-in-mostra-il-racconto-di-vittorio-fusco-presidente-nazionale-anapi\/","title":{"rendered":"Condominio in mostra: il racconto di Vittorio Fusco, Presidente Nazionale ANAPI"},"content":{"rendered":"<p><strong><em>ANAPI \u2013 Associazione Nazionale Amministratori Professionisti di Immobil<\/em><em>i<\/em><\/strong>\u00a0\u2013 organizza l\u2019iniziativa\u00a0<strong>Condominio in mostra<\/strong>: una serie di convegni e workshop formativi per gli amministratori di condominio realizzati nella cornice di SAIE 2020 dal 14\u00a0 al 17 ottobre a Bologna.<\/p>\n<p class=\"title style-scope ytd-video-primary-info-renderer\"><strong>Vittorio Fusco, Presidente Nazionale di ANAPI<\/strong>, racconta l&#8217;iniziativa speciale sul Condominio di SAIE, con riferimenti a percorsi formativi sulla bio-edilizia, lo smart building, gli eco-bonus e anche tematiche legate ad aspetti telematici per le assemblee di condominio.<\/p>\n<p>Tanti gli argomenti a SAIE, come nelle &#8220;<strong>precedenti edizioni, nelle quali abbiamo avuto un riscontro assolutamente positivo, grande affluenza<\/strong> &#8221; &#8211; dice il Presidente Nazionale ANAPI &#8211; &#8221; e la presenza di tanta gente che ha fatto s\u00ec che questi argomenti diventassero punti cardine dei workshop organizzati&#8221;.<\/p>\n<p>S\u00ec al risparmio economico con il nuovo bonus promulgato del Governo, ma rispetto alle <strong>delibere assembleari<\/strong> resta da capire come organizzarsi. ANAPI sta cercando di trovare una soluzione in questo senso, anche considerando la possibilit\u00e0 di fare assemblee miste, sia in presenza, sia in via telematica, cos\u00ec da favorire delibere assembleari in un momento in cui ce n&#8217;\u00e8 un particolare bisogno.<\/p>\n<p>L&#8217;iniziativa speciale Condominio in mostra vi aspetta a SAIE 2020.<\/p>\n<p><iframe loading=\"lazy\" title=\"Vittorio Fusco, Presidente Nazionale ANAPI, per SAIE 2020\" width=\"500\" height=\"281\" src=\"https:\/\/www.youtube.com\/embed\/UIrvbQdoYpc?feature=oembed\" frameborder=\"0\" allow=\"accelerometer; autoplay; encrypted-media; gyroscope; picture-in-picture\" allowfullscreen><\/iframe><\/p>\n<p><a href=\"https:\/\/www.youtube.com\/watch?v=UIrvbQdoYpc\" target=\"_blank\" rel=\"noopener noreferrer\">Guarda il video completo di Vittorio Fusco, Presidente Nazionale ANAPI, per SAIE 2020<\/a><\/p>\n<hr \/>\n<p style=\"text-align: center\"><a class=\"btn btn-lg btn-primary my-1 mx-1\" href=\"https:\/\/www.saiebologna.it\/it\/contatti\/\" target=\"_blank\" rel=\"noopener noreferrer\">Richiedi informazioni<\/a><\/p>\n<hr \/>\n<p>&nbsp;<\/p>\n","protected":false},"excerpt":{"rendered":"<p>ANAPI \u2013 Associazione Nazionale Amministratori Professionisti di Immobili\u00a0\u2013 organizza l\u2019iniziativa\u00a0Condominio in mostra: una serie di convegni e workshop formativi per gli amministratori di condominio realizzati nella cornice di SAIE 2020 dal 14\u00a0 al 17 ottobre a Bologna. Vittorio Fusco, Presidente Nazionale di ANAPI, racconta l&#8217;iniziativa speciale sul Condominio di SAIE, con riferimenti a percorsi formativi [&hellip;]<\/p>\n","protected":false},"author":12,"featured_media":8220,"comment_status":"open","ping_status":"open","sticky":false,"template":"","format":"standard","meta":[],"categories":[83,85],"tags":[223,55,222],"acf":[],"aioseo_notices":[],"_links":{"self":[{"href":"https:\/\/saiebologna-staging2026.senaf.it\/it\/wp-json\/wp\/v2\/posts\/8219"}],"collection":[{"href":"https:\/\/saiebologna-staging2026.senaf.it\/it\/wp-json\/wp\/v2\/posts"}],"about":[{"href":"https:\/\/saiebologna-staging2026.senaf.it\/it\/wp-json\/wp\/v2\/types\/post"}],"author":[{"embeddable":true,"href":"https:\/\/saiebologna-staging2026.senaf.it\/it\/wp-json\/wp\/v2\/users\/12"}],"replies":[{"embeddable":true,"href":"https:\/\/saiebologna-staging2026.senaf.it\/it\/wp-json\/wp\/v2\/comments?post=8219"}],"version-history":[{"count":3,"href":"https:\/\/saiebologna-staging2026.senaf.it\/it\/wp-json\/wp\/v2\/posts\/8219\/revisions"}],"predecessor-version":[{"id":8225,"href":"https:\/\/saiebologna-staging2026.senaf.it\/it\/wp-json\/wp\/v2\/posts\/8219\/revisions\/8225"}],"wp:featuredmedia":[{"embeddable":true,"href":"https:\/\/saiebologna-staging2026.senaf.it\/it\/wp-json\/wp\/v2\/media\/8220"}],"wp:attachment":[{"href":"https:\/\/saiebologna-staging2026.senaf.it\/it\/wp-json\/wp\/v2\/media?parent=8219"}],"wp:term":[{"taxonomy":"category","embeddable":true,"href":"https:\/\/saiebologna-staging2026.senaf.it\/it\/wp-json\/wp\/v2\/categories?post=8219"},{"taxonomy":"post_tag","embeddable":true,"href":"https:\/\/saiebologna-staging2026.senaf.it\/it\/wp-json\/wp\/v2\/tags?post=8219"}],"curies":[{"name":"wp","href":"https:\/\/api.w.org\/{rel}","templated":true}]}}